{"id":6885,"date":"2023-05-11T10:43:36","date_gmt":"2023-05-11T10:43:36","guid":{"rendered":"https:\/\/ibneurocirugia.com\/volver-a-andar-de-ciencia-ficcion-a-realidad\/"},"modified":"2023-05-11T10:43:36","modified_gmt":"2023-05-11T10:43:36","slug":"volver-a-andar-de-ciencia-ficcion-a-realidad","status":"publish","type":"post","link":"https:\/\/ibneurocirugia.com\/en\/volver-a-andar-de-ciencia-ficcion-a-realidad\/","title":{"rendered":"Volver a andar: De ciencia ficci\u00f3n a realidad"},"content":{"rendered":"<p>\u00c9sta es una historia de cuando lo imposible se vuelve posible. Un equipo multidisciplinar de unas setenta personas ha perfeccionado una tecnolog\u00eda que permite que personas con<strong>\u00a0lesiones en la m\u00e9dula espinal<\/strong>\u00a0recuperen el movimiento de un d\u00eda para otro. Lo han conseguido en<strong>\u00a0Suiza<\/strong>, tras a\u00f1os de estudio, y ha sido gracias a la investigaci\u00f3n y, sobre todo, a una nueva alianza entre la inform\u00e1tica y la ciencia. Pero \u00bfc\u00f3mo se ha hecho? El jefe de neurocirug\u00eda de\u00a0<strong>Son Espases<\/strong>, el doctor Javier Ib\u00e1\u00f1ez, lo explica: \u00abCuando hay traumatismo en la m\u00e9dula, el cable que lleva todas las conexiones motrices y recibe toda la informaci\u00f3n sensitiva de las extremidades se corta. Es como si se cortara el cable de fibra \u00f3ptica, que ser\u00eda el lazo de nuestro cerebro y la m\u00e9dula espinal con toda la informaci\u00f3n de nuestras extremidades\u00bb. El cuerpo se queda desconectado pero \u00ablas neuronas siguen estando ah\u00ed, vivas y funcionando aunque ya no reciben las se\u00f1ales del cerebro que les den \u00f3rdenes\u00bb.<\/p>\n<div id=\"post-text-hidden\">\n<p>Hasta ahora no hab\u00eda una soluci\u00f3n real pero se trabajaba en dos l\u00edneas de investigaci\u00f3n. Por un lado la regeneraci\u00f3n de la m\u00e9dula espinal. \u00ab<strong>Tratamientos de c\u00e9lulas madre<\/strong>\u00a0para intentar recuperar el tejido da\u00f1ado\u00bb, explica el doctor Ib\u00e1\u00f1ez. Pero no es tan sencillo como con otros \u00f3rganos, \u00abpara regenerar el tejido nervioso de una m\u00e9dula no vale con que las c\u00e9lulas crezcan, hay que reconducir todas las conexiones que se han cortado\u00bb. Por otro lado, se trabaja en suplir la funci\u00f3n del movimiento del\u00a0<strong>paciente<\/strong> mediante pr\u00f3tesis, electrodos o sistemas inform\u00e1ticos. Y \u00e9sta es la clave de esta investigaci\u00f3n. \u00abHan fabricado un electrodo adaptado a la m\u00e9dula espinal de los pacientes con paraplej\u00eda por lesi\u00f3n medular para aplicar est\u00edmulos el\u00e9ctricos selectivos que consiguen movimientos\u00bb, a\u00f1ade el experto.<\/p>\n<div class=\"post-related d-print-none\">\n<div class=\"row no-gutters\">\n<div class=\"col\"><\/div>\n<\/div>\n<div class=\"row\">\n<div class=\"col\">\n<h4 class=\"news-heading\">En una primera parte del <strong>estudio<\/strong>\u00a0se hizo el dise\u00f1o y aprendizaje de los mapas medulares de los pacientes para crear el dispositivo. Y en esta segunda se han aplicado programas inform\u00e1ticos \u00abque de forma secuencial provocan la contracci\u00f3n sucesiva de los grupos musculares necesarios para poder imitar el andar, nadar, o mover las piernas en una bicicleta. Es como programar a un robot para que se mueva\u00bb. \u00bfQu\u00e9 viene ahora? \u00abLos cap\u00edtulos siguientes pasar\u00e1n por implantar un dispositivo en el cerebro que sea capaz de, con el pensamiento, mover la musculatura sin necesidad de dar a un bot\u00f3n. Pero esto todav\u00eda no est\u00e1 hecho\u00bb, explica el docto Ib\u00e1\u00f1ez. \u00abEs el camino del futuro que es esperanzador\u00bb, se\u00f1ala, \u00abpero hay que dejar claro que esto es un trabajo de investigaci\u00f3n y que no est\u00e1 disponible del gran p\u00fablico. Es una luz en el camino pero no el final, estamos al principio\u00bb, incide.<\/h4>\n<\/div>\n<\/div>\n<\/div>\n<p>Con esta investigaci\u00f3n \u00abse abre una v\u00eda, una oportunidad de recuperaci\u00f3n\u00bb, se\u00f1ala el neurocirujano, adjunto al servicio, Osman Salazar. \u00abHasta ahora esto era ciencia ficci\u00f3n y ahora es real\u00bb, a\u00f1ade el especialista. Para la m\u00e9dico rehabilitadora de\u00a0<strong>Sant Joan de D\u00e9u<\/strong>\u00a0Susana Cofi\u00f1o, especialista en lesi\u00f3n medular, \u00abes un avance prometedor\u00bb. Consciente de que falta testarlo en condiciones m\u00e1s amplias para la pr\u00e1ctica cl\u00ednica, \u00aben el hospital estamos sedientos de los nuevos avances t\u00e9cnicos y, en cuanto est\u00e9 disponible, llevarlo a la pr\u00e1ctica\u00bb. Sin embargo, \u00abfaltan a\u00f1os para verlo\u00bb, reconoce. El sistema de electrodos se hace en funci\u00f3n del tipo de lesi\u00f3n, siempre teniendo en cuenta las caracter\u00edsticas personales y asociadas. De hecho, \u00abel enfoque personalizado es la manera en que se hace habitualmente la rehabilitaci\u00f3n neurol\u00f3gica\u00bb.<\/p>\n<p>Estos pacientes han andando en un d\u00eda pero seguir\u00e1n haciendo<strong>\u00a0terapia rehabilitadora<\/strong>. \u00abHay que hacerla por varios caminos con un mismo objetivo, fortalecer el m\u00fasculo\u00bb.<br \/>\nLos expertos consultados coinciden en se\u00f1alar la importancia del desarrollo tecnol\u00f3gico de esta investigaci\u00f3n en la que hay una parte biom\u00e9dica de identificaci\u00f3n muy precisa pero sobre todo otra de ingenier\u00eda e inform\u00e1tica \u00abtremendamente complicada\u00bb.<\/p>\n<\/div>\n","protected":false},"excerpt":{"rendered":"<p>\u00c9sta es una historia de cuando lo imposible se vuelve posible. Un equipo multidisciplinar de unas setenta personas ha perfeccionado una tecnolog\u00eda que permite que personas con\u00a0lesiones en la m\u00e9dula&#8230;<\/p>\n","protected":false},"author":1,"featured_media":6816,"comment_status":"closed","ping_status":"closed","sticky":false,"template":"","format":"standard","meta":{"footnotes":""},"categories":[36],"tags":[],"class_list":{"0":"post-6885","1":"post","2":"type-post","3":"status-publish","4":"format-standard","5":"has-post-thumbnail","7":"category-noticias-en"},"_links":{"self":[{"href":"https:\/\/ibneurocirugia.com\/en\/wp-json\/wp\/v2\/posts\/6885","targetHints":{"allow":["GET"]}}],"collection":[{"href":"https:\/\/ibneurocirugia.com\/en\/wp-json\/wp\/v2\/posts"}],"about":[{"href":"https:\/\/ibneurocirugia.com\/en\/wp-json\/wp\/v2\/types\/post"}],"author":[{"embeddable":true,"href":"https:\/\/ibneurocirugia.com\/en\/wp-json\/wp\/v2\/users\/1"}],"replies":[{"embeddable":true,"href":"https:\/\/ibneurocirugia.com\/en\/wp-json\/wp\/v2\/comments?post=6885"}],"version-history":[{"count":0,"href":"https:\/\/ibneurocirugia.com\/en\/wp-json\/wp\/v2\/posts\/6885\/revisions"}],"wp:featuredmedia":[{"embeddable":true,"href":"https:\/\/ibneurocirugia.com\/en\/wp-json\/wp\/v2\/media\/6816"}],"wp:attachment":[{"href":"https:\/\/ibneurocirugia.com\/en\/wp-json\/wp\/v2\/media?parent=6885"}],"wp:term":[{"taxonomy":"category","embeddable":true,"href":"https:\/\/ibneurocirugia.com\/en\/wp-json\/wp\/v2\/categories?post=6885"},{"taxonomy":"post_tag","embeddable":true,"href":"https:\/\/ibneurocirugia.com\/en\/wp-json\/wp\/v2\/tags?post=6885"}],"curies":[{"name":"wp","href":"https:\/\/api.w.org\/{rel}","templated":true}]}}