{"id":6884,"date":"2023-05-11T10:41:58","date_gmt":"2023-05-11T10:41:58","guid":{"rendered":"https:\/\/ibneurocirugia.com\/marta-brell-jefa-de-seccion-de-neurocirugia-del-hospital-son-espases\/"},"modified":"2023-05-11T10:41:58","modified_gmt":"2023-05-11T10:41:58","slug":"marta-brell-jefa-de-seccion-de-neurocirugia-del-hospital-son-espases","status":"publish","type":"post","link":"https:\/\/ibneurocirugia.com\/en\/marta-brell-jefa-de-seccion-de-neurocirugia-del-hospital-son-espases\/","title":{"rendered":"Marta Brell, jefa de Secci\u00f3n de Neurocirug\u00eda del Hospital Son Espases"},"content":{"rendered":"<p>El director gerente del Hospital Universitari Son Espases,\u00a0<strong>Josep Pomar<\/strong>, ha adjudicado el puesto de trabajo de\u00a0<strong>dos jefas de Secci\u00f3n<\/strong>. Pomar ha nombrado a\u00a0<strong>Marta Brell Doval<\/strong>\u00a0como nueva\u00a0<strong>jefa de Secci\u00f3n de Neurocirug\u00eda<\/strong>\u00a0del Hospital Universitari Son Espases.<\/p>\n<p>Por su parte, el director gerente del centro hospitalario tambi\u00e9n ha designado a\u00a0<strong>Isabel Amengual Antich<\/strong>\u00a0como nueva\u00a0<strong>jefa de Secci\u00f3n de Anatom\u00eda Patol\u00f3gica<\/strong>\u00a0del Hospital Universitari Son Espases, seg\u00fan consta en el\u00a0<a title=\"Resoluci\u00f3n publicada en el Bolet\u00edn Oficial de les Illes Balears\" href=\"https:\/\/intranet.caib.es\/eboibfront\/ca\/2022\/11534\/658338\/resolucio-del-director-gerent-de-l-hospital-univer\" target=\"_blank\" rel=\"nofollow noopener\">Bolet\u00edn Oficial de les Illes Balears<\/a>\u00a0(BOIB).<\/p>\n<p><strong>Brell es licenciada en Medicina por la Universidad Complutense de Madrid<\/strong>\u00a0y m\u00e9dico especialista en Neurocirug\u00eda en el Hospital Cl\u00ednic de Barcelona, centro en el que realiz\u00f3 su residencia. Tambi\u00e9n es doctora en Medicina por la Universidad de Barcelona y profesora asociada en la Universitat de les Illes Balears (UIB).<\/p>\n<p>Adem\u00e1s, la nueva jefa de Secci\u00f3n de Neurocirug\u00eda del Hospital Son Espases es\u00a0<strong>miembro de la Sociedad Espa\u00f1ola de Neurocirug\u00eda<\/strong>, miembro del Grupo Espa\u00f1ol de Neurooncolog\u00eda, miembro de la European Association of Neurooncology, miembro del Congress of Neurological Surgeons y miembro de la World Spinal Column Society.<\/p>\n","protected":false},"excerpt":{"rendered":"<p>El director gerente del Hospital Universitari Son Espases,\u00a0Josep Pomar, ha adjudicado el puesto de trabajo de\u00a0dos jefas de Secci\u00f3n. Pomar ha nombrado a\u00a0Marta Brell Doval\u00a0como nueva\u00a0jefa de Secci\u00f3n de Neurocirug\u00eda\u00a0del&#8230;<\/p>\n","protected":false},"author":1,"featured_media":6815,"comment_status":"closed","ping_status":"closed","sticky":false,"template":"","format":"standard","meta":{"footnotes":""},"categories":[36],"tags":[],"class_list":{"0":"post-6884","1":"post","2":"type-post","3":"status-publish","4":"format-standard","5":"has-post-thumbnail","7":"category-noticias-en"},"_links":{"self":[{"href":"https:\/\/ibneurocirugia.com\/en\/wp-json\/wp\/v2\/posts\/6884","targetHints":{"allow":["GET"]}}],"collection":[{"href":"https:\/\/ibneurocirugia.com\/en\/wp-json\/wp\/v2\/posts"}],"about":[{"href":"https:\/\/ibneurocirugia.com\/en\/wp-json\/wp\/v2\/types\/post"}],"author":[{"embeddable":true,"href":"https:\/\/ibneurocirugia.com\/en\/wp-json\/wp\/v2\/users\/1"}],"replies":[{"embeddable":true,"href":"https:\/\/ibneurocirugia.com\/en\/wp-json\/wp\/v2\/comments?post=6884"}],"version-history":[{"count":0,"href":"https:\/\/ibneurocirugia.com\/en\/wp-json\/wp\/v2\/posts\/6884\/revisions"}],"wp:featuredmedia":[{"embeddable":true,"href":"https:\/\/ibneurocirugia.com\/en\/wp-json\/wp\/v2\/media\/6815"}],"wp:attachment":[{"href":"https:\/\/ibneurocirugia.com\/en\/wp-json\/wp\/v2\/media?parent=6884"}],"wp:term":[{"taxonomy":"category","embeddable":true,"href":"https:\/\/ibneurocirugia.com\/en\/wp-json\/wp\/v2\/categories?post=6884"},{"taxonomy":"post_tag","embeddable":true,"href":"https:\/\/ibneurocirugia.com\/en\/wp-json\/wp\/v2\/tags?post=6884"}],"curies":[{"name":"wp","href":"https:\/\/api.w.org\/{rel}","templated":true}]}}