{"id":6883,"date":"2023-03-13T12:21:22","date_gmt":"2023-03-13T12:21:22","guid":{"rendered":"https:\/\/ibneurocirugia.com\/debate-sobre-la-facultad-de-medicina-en-baleares\/"},"modified":"2023-06-11T07:44:14","modified_gmt":"2023-06-11T07:44:14","slug":"debate-sobre-la-facultad-de-medicina-en-baleares","status":"publish","type":"post","link":"https:\/\/ibneurocirugia.com\/en\/debate-sobre-la-facultad-de-medicina-en-baleares\/","title":{"rendered":"La UIB grad\u00faa a una nueva hornada de 58 m\u00e9dicos en Mallorca: &#8220;Estudiar Medicina ha sido muy duro, pero gratificante&#8221;"},"content":{"rendered":"<p>La <a class=\"link copy\" title=\"Universitat de les Illes Balears (UIB)\" href=\"https:\/\/www.diariodemallorca.es\/tags\/uib\/\">Universitat de les Illes Balears (UIB)<\/a> ha graduado esta tarde a una <strong>nueva hornada de 58 estudiantes de la <\/strong><a class=\"link copy\" title=\"Facultad de Medicina\" href=\"https:\/\/www.diariodemallorca.es\/tags\/facultad-de-medicina\/\"><strong>Facultad de Medicina<\/strong><\/a><strong>, la mayor\u00eda mujeres<\/strong> y una parte de ellos procedentes de distintos puntos de la Pen\u00ednsula.<\/p>\n<p class=\"article-body__text \">Se trata de la <strong>segunda promoci\u00f3n de m\u00e9dicos<\/strong> de la facultad balear. Empezaron la carrera en el curso 2017-18, un a\u00f1o despu\u00e9s de implantar la facultad, y <strong>despu\u00e9s de seis largos cursos han celebrado el final del camino en el edificio Arxiduc Llu\u00eds Salvador <\/strong>con su toga amarilla en los hombros y el t\u00edtulo entre las manos.<\/p>\n<div id=\"intext-sunmedia-1\">\n<div id=\"sm-it-main-container-1686465743632\" class=\"sm-it-main-container\" data-it=\"fdd97e41-3e08-452b-98ce-53eda675d181\" data-device=\"desktop\" data-index=\"0\">\n<p class=\"article-body__text \">El acto ha empezado con la procesi\u00f3n acad\u00e9mica y la intervenci\u00f3n de la vicedecana de la facultad, <strong>Margalida Gili<\/strong>, quien ha agradecido a los estudiantes<strong> su perseverancia y dedicaci\u00f3n todo este tiempo<\/strong>. La responsable ha celebrado que<strong> ya haya algunos reci\u00e9n graduados con contratos de trabajo<\/strong> en empresas y centros de salud, si bien ha pedido a los alumnos <strong>que no se olviden de la docencia y la investigaci\u00f3n<\/strong>.<\/p>\n<div id=\"nlt_signup_botton\" class=\"article-body__text nx-piano--offer nx-piano--offer--signup-button-body\">\n<p class=\"article-body__text \">En este punto, Gili ha pedido a los alumnos que se giren para dar un<strong>aplauso a sus familiares y amigos<\/strong>, ubicados en la parte de atr\u00e1s de la sala:<strong> &#8220;Ellos tambi\u00e9n han pasado noches sin dormir, han sufrido y se han alegrado. Hoy se grad\u00faan con vosotros&#8221;<\/strong>, ha expresado.<\/p>\n<p class=\"article-body__text \">Las alumnas<strong> Carmen de Miguel y Camila Correa<\/strong> dieron un emotivo discurso con un repaso a trav\u00e9s de estos \u00faltimos seis a\u00f1os. Sus primeras palabras fueron para los que trabajaron en la creaci\u00f3n de la facultad balear: <strong>\u00abHan hecho posible que los que hemos crecido en esta maravillosa isla nos hemos podido quedar cerca de nuestros seres queridos, en nuestro hogar\u00bb<\/strong>. No olvidaron agradecer la labor del profesorado, el personal de administraci\u00f3n, los t\u00e9cnicos de la osteoteca, los de laboratorio y<strong> una menci\u00f3n especial a Rodolfo<\/strong>, que con su paciencia les ha ense\u00f1ado la realidad del cuerpo humano.<\/p>\n<p class=\"article-body__text \">\u00abSer m\u00e9dico no es solo llegar al diagn\u00f3stico y tratar la enfermedad. <strong>Es una responsabilidad que se te otorga para cuidar a las personas, brindarles atenci\u00f3n y apoyo,<\/strong> tanto al paciente como a su familia\u00bb, reflexionaron de Miguel y Correa en nombre de sus compa\u00f1eros.<\/p>\n<p class=\"article-body__text \">M\u00e1s tarde, sus compa\u00f1eras <strong>Ana Molina y Mar\u00eda Villalba<\/strong> leyeron el juramento hipocr\u00e1tico. Todos los estudiantes se comprometieron a <strong>dedicar su vida al servicio de la humanidad, a velar por la salud del bienestar de sus pacientes, respetar su autonom\u00eda<\/strong> y no permitir que la factores como la nacionalidad, el sexo, la raza, la orientaci\u00f3n sexual, la clase social o el origen del paciente se interponga en su labor, entre otras promesas.<\/p>\n<p class=\"article-body__text \">Cerr\u00f3 el acto la entrega de togas y diplomas, acompa\u00f1ada de v\u00edtores y aplausos, y el discurso del\u00a0vicerrector de Pol\u00edtica Cient\u00edfica e Investigaci\u00f3n, V\u00edctor Homar: <strong>\u00abOs pido que llev\u00e9is con orgullo y honra vuestra <\/strong><em><strong>alma mater<\/strong><\/em><strong> UIB\u00bb<\/strong>, expres\u00f3, <strong>\u00aby que trat\u00e9is a cada paciente con respeto, dignidad y comprensi\u00f3n\u00bb<\/strong>.<\/p>\n<p class=\"article-body__text \">Homar tambi\u00e9n record\u00f3 a los estudiantes la importancia de cuidarse a s\u00ed mismos: <strong>\u00abEs esencial que manteng\u00e1is un equilibrio entre el trabajo y la vida personal\u00bb<\/strong> y les anim\u00f3 en su \u00faltimo objetivo, el examen del MIR<strong>(\u00abperd\u00f3n por sacar este tema, pero ten\u00eda que hacerlo\u00bb, sonri\u00f3)<\/strong>.<\/p>\n<p class=\"article-body__text \">La tarde acab\u00f3 con un aperitivo que disfrutaron estudiantes, familias y profesores. Muchos de ellos comentaron sus planes de futuro:<strong> la mayor\u00eda empezar\u00e1 a estudiar la semana que viene para el MIR, y cerca de una quincena se muda a Oviedo<\/strong> a prepararse a una academia de renombre.<\/p>\n<p class=\"article-body__text \"><strong>Mar Saus<\/strong>, de Palma, es una de ellas: \u00abEstoy muy orgullosa. Estudiar Medicina ha sido muy duro, pero gratificante.<strong> Ahora empiezo mi verano de cuatro d\u00edas antes de empezar a estudiar para el MIR en Asturias<\/strong>\u00bb, al igual que muchos de sus compa\u00f1eros.<\/p>\n<p class=\"article-body__text \"><strong>Victoria S\u00e1nchez<\/strong>, natural de Muro,aprovech\u00f3 para dar las gracias a sus tutores del Trabajo de Fin de Grado,<strong> Javier Ib\u00e1\u00f1ez y Marta Brell<\/strong>: <strong>\u00abDe ellos me llevo la honestidad como m\u00e9dico, como investigadora y como persona\u00bb<\/strong>. Su \u00faltimo a\u00f1o en Medicina ha sido \u00abintenso, duro y con mucho sacrificio personal\u00bb: \u00abPero el mejor de mi vida\u00bb, a\u00f1ade.<\/p>\n<aside class=\"new new__related\"><strong>Aina Valiente<\/strong>, en cambio, de la carrera destaca las pr\u00e1cticas:<strong>\u00abTrabajando en un hospital he descubierto que quiero especializarme en Anestesia y reanimaci\u00f3n\u00bb<\/strong>, comenta. La joven se traslad\u00f3 desde Valencia a la UIB con la carrera ya empezada: <strong>\u00abFue una buena decisi\u00f3n. En la facultad la ense\u00f1anza es individualizada, est\u00e1 muy bien organizada y hay muchas pr\u00e1cticas\u00bb<\/strong>.<\/aside>\n<\/div>\n<\/div>\n<\/div>\n<aside><\/aside>\n","protected":false},"excerpt":{"rendered":"<p>La Universitat de les Illes Balears (UIB) ha graduado esta tarde a una nueva hornada de 58 estudiantes de la Facultad de Medicina, la mayor\u00eda mujeres y una parte de&#8230;<\/p>\n","protected":false},"author":1,"featured_media":7012,"comment_status":"closed","ping_status":"closed","sticky":false,"template":"","format":"standard","meta":{"footnotes":""},"categories":[36],"tags":[],"class_list":{"0":"post-6883","1":"post","2":"type-post","3":"status-publish","4":"format-standard","5":"has-post-thumbnail","7":"category-noticias-en"},"_links":{"self":[{"href":"https:\/\/ibneurocirugia.com\/en\/wp-json\/wp\/v2\/posts\/6883","targetHints":{"allow":["GET"]}}],"collection":[{"href":"https:\/\/ibneurocirugia.com\/en\/wp-json\/wp\/v2\/posts"}],"about":[{"href":"https:\/\/ibneurocirugia.com\/en\/wp-json\/wp\/v2\/types\/post"}],"author":[{"embeddable":true,"href":"https:\/\/ibneurocirugia.com\/en\/wp-json\/wp\/v2\/users\/1"}],"replies":[{"embeddable":true,"href":"https:\/\/ibneurocirugia.com\/en\/wp-json\/wp\/v2\/comments?post=6883"}],"version-history":[{"count":2,"href":"https:\/\/ibneurocirugia.com\/en\/wp-json\/wp\/v2\/posts\/6883\/revisions"}],"predecessor-version":[{"id":7014,"href":"https:\/\/ibneurocirugia.com\/en\/wp-json\/wp\/v2\/posts\/6883\/revisions\/7014"}],"wp:featuredmedia":[{"embeddable":true,"href":"https:\/\/ibneurocirugia.com\/en\/wp-json\/wp\/v2\/media\/7012"}],"wp:attachment":[{"href":"https:\/\/ibneurocirugia.com\/en\/wp-json\/wp\/v2\/media?parent=6883"}],"wp:term":[{"taxonomy":"category","embeddable":true,"href":"https:\/\/ibneurocirugia.com\/en\/wp-json\/wp\/v2\/categories?post=6883"},{"taxonomy":"post_tag","embeddable":true,"href":"https:\/\/ibneurocirugia.com\/en\/wp-json\/wp\/v2\/tags?post=6883"}],"curies":[{"name":"wp","href":"https:\/\/api.w.org\/{rel}","templated":true}]}}